{"id":1906,"date":"2016-07-25T11:59:31","date_gmt":"2016-07-25T09:59:31","guid":{"rendered":"http:\/\/schicht16.de\/?p=1906"},"modified":"2016-07-26T08:17:03","modified_gmt":"2016-07-26T06:17:03","slug":"schicht-16-schnuppert-bvb-luft","status":"publish","type":"post","link":"http:\/\/schicht16.de\/?p=1906","title":{"rendered":"Schicht 16 schnuppert BVB-Luft"},"content":{"rendered":"<div class=\"su-column su-column-size-1-1\"><div class=\"su-column-inner su-u-clearfix su-u-trim\">            \n\t\t<div class=\"ngg-gallery-singlepic-image \" style=\"\">\n\t\t\t    \t<a href=\"http:\/\/schicht16.de\/wp-content\/gallery\/bvb-stadiontour\/IMG_4901-78858.jpg\"\n\t\t     title=\"\"\n             data-src=\"http:\/\/schicht16.de\/wp-content\/gallery\/bvb-stadiontour\/IMG_4901-78858.jpg\"\n             data-thumbnail=\"http:\/\/schicht16.de\/wp-content\/gallery\/bvb-stadiontour\/thumbs\/thumbs_IMG_4901-78858.jpg\"\n             data-image-id=\"780\"\n             data-title=\"IMG_4901 [78858]\"\n             data-description=\"\"\n             target='_self'\n             class=\"ngg-fancybox\" rel=\"d65bb9eae4cb765dc312b7c8cfaede52\">\n            <img class=\"ngg-singlepic\"\n             src=\"http:\/\/schicht16.de\/wp-content\/gallery\/bvb-stadiontour\/cache\/IMG_4901-78858.jpg-nggid03780-ngg0dyn-0x0x100-00f0w010c010r110f110r010t010.jpg\"\n             alt=\"IMG_4901 [78858]\"\n             title=\"IMG_4901 [78858]\"\n                           \/>\n    \t<\/a>\n\t\t      <\/div>\n        \n<p style=\"text-align: center;\"><em>Nachbarinnen und Nachbarn bei der Dortmunder Stadion Tour (Foto: Schicht16)<br \/>\n<\/em><\/p>\n<\/div><\/div>\n<p><strong>Auf den Spuren von Lothar Emmerich und Adi Prei\u00dfler in Dortmund haben sich die Nachbarinnen und Nachbarn von Schicht 16 begeben. Organisiert wurde der Ausflug vom Schichtmeister Stefan Geisel.<\/strong><br \/>\nAusf\u00fchrlich konnte sich das Heideschicht am 16.07.2016 etwa im Brousseum, dem BVB-Museum, ein anschauliches Bild der gro\u00dfen Erfolge der Dortmunder Mannschaft, aber auch der wechselvollen Vereinsentwicklung verschaffen. Die Nachbarn erfuhren zum Beispiel, dass der BVB in seinen Anf\u00e4ngen in blau-wei\u00dfer Kluft spielte, bevor Schwarz-Gelb die alles beherrschenden Vereinsfarben wurden. Der H\u00f6hepunkt des Ausflugs f\u00fcr Schriftf\u00fchrer Bernd Engelhardt war jedoch der Signal-Iduna-Park, das Stadion des BVB. W\u00e4hrend einer Tour konnter auf den Sitzen von Thomas Tuchel und Co. Platz genommen werden. Und sind sonst die Heja-BVB-Ges\u00e4nge von der S\u00fcdtrib\u00fcne zu vernehmen so schallte mit dem dreifachen Hacke-Tau, der Begr\u00fc\u00dfungsruf des Schicht 16, durch das \u00fcber 80.000 Zuschaer fassende, imposante Stadion. Benrd Engelhardt meint denoch scherzhaft: &#8222;Sch\u00f6n w\u00e4re es nat\u00fcrlich gewesen, wenn die 80.000 auch da gewesen w\u00e4ren.&#8220; <\/p>\n<p><strong>Den Stars auf der Spur<\/strong><\/p>\n<p>Die Ausflugsgruppe habe auch ein Blick in die Katakomben des Stadions riskiert, berichtet Engelhardt. In der Umkleidekabine habe er auch die Namensschilder von Aubameyang und den anderen entdeckt. Die Fahrt in die Nachbarstadt vermittelte den 21 mitgereisten Heidebewohnern ein eindrucksvolles Bild des Faszinosums Fu\u00dfball, der Geschichte des BVB 09 und der Atmosph\u00e4re des riesiegen Stadions.<\/p>\n<a href=\"http:\/\/schicht16.de\/index.php\/nggallery\/fotos\/bvb-stadiontour?page_id=45\" class=\"su-button su-button-style-default\" style=\"color:#FFFFFF;background-color:#ff7f00;border-color:#cc6600;border-radius:5px\" target=\"_self\"><span style=\"color:#FFFFFF;padding:6px 16px;font-size:13px;line-height:20px;border-color:#ffa64d;border-radius:5px;text-shadow:none\"><i class=\"sui sui-camera\" style=\"font-size:13px;color:#FFFFFF\"><\/i> zum Fotoalbum<\/span><\/a>\n","protected":false},"excerpt":{"rendered":"<p>Auf den Spuren von Lothar Emmerich und Adi Prei\u00dfler in Dortmund haben sich die Nachbarinnen und Nachbarn von Schicht 16 begeben. Organisiert wurde der Ausflug vom Schichtmeister Stefan Geisel. Ausf\u00fchrlich konnte sich das Heideschicht am 16.07.2016 etwa im Brousseum, dem BVB-Museum, ein anschauliches Bild der gro\u00dfen Erfolge der Dortmunder Mannschaft, \u2026 <a class=\"continue-reading-link\" href=\"http:\/\/schicht16.de\/?p=1906\">weiterlesen<\/a><\/p>\n","protected":false},"author":1,"featured_media":2008,"comment_status":"closed","ping_status":"open","sticky":false,"template":"","format":"standard","meta":{"ngg_post_thumbnail":0},"categories":[1],"tags":[],"_links":{"self":[{"href":"http:\/\/schicht16.de\/index.php?rest_route=\/wp\/v2\/posts\/1906"}],"collection":[{"href":"http:\/\/schicht16.de\/index.php?rest_route=\/wp\/v2\/posts"}],"about":[{"href":"http:\/\/schicht16.de\/index.php?rest_route=\/wp\/v2\/types\/post"}],"author":[{"embeddable":true,"href":"http:\/\/schicht16.de\/index.php?rest_route=\/wp\/v2\/users\/1"}],"replies":[{"embeddable":true,"href":"http:\/\/schicht16.de\/index.php?rest_route=%2Fwp%2Fv2%2Fcomments&post=1906"}],"version-history":[{"count":6,"href":"http:\/\/schicht16.de\/index.php?rest_route=\/wp\/v2\/posts\/1906\/revisions"}],"predecessor-version":[{"id":2011,"href":"http:\/\/schicht16.de\/index.php?rest_route=\/wp\/v2\/posts\/1906\/revisions\/2011"}],"wp:featuredmedia":[{"embeddable":true,"href":"http:\/\/schicht16.de\/index.php?rest_route=\/wp\/v2\/media\/2008"}],"wp:attachment":[{"href":"http:\/\/schicht16.de\/index.php?rest_route=%2Fwp%2Fv2%2Fmedia&parent=1906"}],"wp:term":[{"taxonomy":"category","embeddable":true,"href":"http:\/\/schicht16.de\/index.php?rest_route=%2Fwp%2Fv2%2Fcategories&post=1906"},{"taxonomy":"post_tag","embeddable":true,"href":"http:\/\/schicht16.de\/index.php?rest_route=%2Fwp%2Fv2%2Ftags&post=1906"}],"curies":[{"name":"wp","href":"https:\/\/api.w.org\/{rel}","templated":true}]}}