{"id":2155,"date":"2017-03-29T23:03:06","date_gmt":"2017-03-29T21:03:06","guid":{"rendered":"http:\/\/schicht16.de\/?p=2155"},"modified":"2017-03-29T23:04:05","modified_gmt":"2017-03-29T21:04:05","slug":"verabschiedung-von-schichtmeister-stefasn-geisel","status":"publish","type":"post","link":"http:\/\/schicht16.de\/?p=2155","title":{"rendered":"Verabschiedung von Schichtmeister Stefan Geisel"},"content":{"rendered":"<p>In einer kleinen, von Ulrike Roes er\u00f6ffneten Feierstunde bei Kaffee und Kuchen verabschiedeten die Nachbarn und Nachbarinnen von Schicht 16 Ihren Schichtmeister Stefan Geisel.<br \/>\nEin Jahr f\u00fchrte Geisel 2016\/17 das Heideschicht. Mit einer Auff\u00fchrung des Lieschen von der Schl\u00fcrmannsheide bedankten sich die Nachbarn bei dem scheidenden Schichtmeister f\u00fcr sein Wirken. In humoriger Weise verglich das Lieschen die Schl\u00fcrmannsheide mit der Schwerterheide und \u00fcberzeugte dabei mit gekonntem Sprachwitz in wiederholter Anspielung auf die h\u00e4ufige Verwendung englischsprachiger Anteile in unserer Gespr\u00e4chskultur. Da in diesem Jahr kein Schichtmeister-Nachfolger gefunden wurde, wird die Schichtkette vor\u00fcbergehend vom Helferkreis aufbewahrt. Der Helferkreis ist auch f\u00fcr die Fortf\u00fchrung der Aktivit\u00e4ten und Veranstaltungen von Schicht 16 verantwortlich.<\/p>\n<div id=\"attachment_2157\" style=\"width: 1360px\" class=\"wp-caption alignleft\"><a href=\"http:\/\/schicht16.de\/wp-content\/uploads\/2017\/03\/MG_58998456.jpg\"><img aria-describedby=\"caption-attachment-2157\" decoding=\"async\" loading=\"lazy\" src=\"http:\/\/schicht16.de\/wp-content\/uploads\/2017\/03\/MG_58998456.jpg\" alt=\"\" width=\"1350\" height=\"900\" class=\"size-full wp-image-2157\" srcset=\"http:\/\/schicht16.de\/wp-content\/uploads\/2017\/03\/MG_58998456.jpg 1350w, http:\/\/schicht16.de\/wp-content\/uploads\/2017\/03\/MG_58998456-300x200.jpg 300w, http:\/\/schicht16.de\/wp-content\/uploads\/2017\/03\/MG_58998456-768x512.jpg 768w, http:\/\/schicht16.de\/wp-content\/uploads\/2017\/03\/MG_58998456-1024x683.jpg 1024w, http:\/\/schicht16.de\/wp-content\/uploads\/2017\/03\/MG_58998456-225x150.jpg 225w, http:\/\/schicht16.de\/wp-content\/uploads\/2017\/03\/MG_58998456-150x100.jpg 150w\" sizes=\"(max-width: 1350px) 100vw, 1350px\" \/><\/a><p id=\"caption-attachment-2157\" class=\"wp-caption-text\">Schriftf\u00fchrer Bernd Engelhardt verabschiedet mit dem Helferkreis von Schicht 16 Stefan Geisel (mit Schichtkette) im Beisein von 50 Nachbarn<\/p><\/div>\n<div id=\"attachment_2158\" style=\"width: 1360px\" class=\"wp-caption alignleft\"><a href=\"http:\/\/schicht16.de\/wp-content\/uploads\/2017\/03\/MG_59138457.jpg\"><img aria-describedby=\"caption-attachment-2158\" decoding=\"async\" loading=\"lazy\" src=\"http:\/\/schicht16.de\/wp-content\/uploads\/2017\/03\/MG_59138457.jpg\" alt=\"\" width=\"1350\" height=\"900\" class=\"size-full wp-image-2158\" srcset=\"http:\/\/schicht16.de\/wp-content\/uploads\/2017\/03\/MG_59138457.jpg 1350w, http:\/\/schicht16.de\/wp-content\/uploads\/2017\/03\/MG_59138457-300x200.jpg 300w, http:\/\/schicht16.de\/wp-content\/uploads\/2017\/03\/MG_59138457-768x512.jpg 768w, http:\/\/schicht16.de\/wp-content\/uploads\/2017\/03\/MG_59138457-1024x683.jpg 1024w, http:\/\/schicht16.de\/wp-content\/uploads\/2017\/03\/MG_59138457-225x150.jpg 225w, http:\/\/schicht16.de\/wp-content\/uploads\/2017\/03\/MG_59138457-150x100.jpg 150w\" sizes=\"(max-width: 1350px) 100vw, 1350px\" \/><\/a><p id=\"caption-attachment-2158\" class=\"wp-caption-text\">Schicht 16 Helferkreis mit entgegengenommener Schichtkette<\/p><\/div>\n","protected":false},"excerpt":{"rendered":"<p>In einer kleinen, von Ulrike Roes er\u00f6ffneten Feierstunde bei Kaffee und Kuchen verabschiedeten die Nachbarn und Nachbarinnen von Schicht 16 Ihren Schichtmeister Stefan Geisel. Ein Jahr f\u00fchrte Geisel 2016\/17 das Heideschicht. Mit einer Auff\u00fchrung des Lieschen von der Schl\u00fcrmannsheide bedankten sich die Nachbarn bei dem scheidenden Schichtmeister f\u00fcr sein Wirken. \u2026 <a class=\"continue-reading-link\" href=\"http:\/\/schicht16.de\/?p=2155\">weiterlesen<\/a><\/p>\n","protected":false},"author":1,"featured_media":2157,"comment_status":"closed","ping_status":"open","sticky":false,"template":"","format":"standard","meta":{"ngg_post_thumbnail":0},"categories":[1],"tags":[],"_links":{"self":[{"href":"http:\/\/schicht16.de\/index.php?rest_route=\/wp\/v2\/posts\/2155"}],"collection":[{"href":"http:\/\/schicht16.de\/index.php?rest_route=\/wp\/v2\/posts"}],"about":[{"href":"http:\/\/schicht16.de\/index.php?rest_route=\/wp\/v2\/types\/post"}],"author":[{"embeddable":true,"href":"http:\/\/schicht16.de\/index.php?rest_route=\/wp\/v2\/users\/1"}],"replies":[{"embeddable":true,"href":"http:\/\/schicht16.de\/index.php?rest_route=%2Fwp%2Fv2%2Fcomments&post=2155"}],"version-history":[{"count":5,"href":"http:\/\/schicht16.de\/index.php?rest_route=\/wp\/v2\/posts\/2155\/revisions"}],"predecessor-version":[{"id":2162,"href":"http:\/\/schicht16.de\/index.php?rest_route=\/wp\/v2\/posts\/2155\/revisions\/2162"}],"wp:featuredmedia":[{"embeddable":true,"href":"http:\/\/schicht16.de\/index.php?rest_route=\/wp\/v2\/media\/2157"}],"wp:attachment":[{"href":"http:\/\/schicht16.de\/index.php?rest_route=%2Fwp%2Fv2%2Fmedia&parent=2155"}],"wp:term":[{"taxonomy":"category","embeddable":true,"href":"http:\/\/schicht16.de\/index.php?rest_route=%2Fwp%2Fv2%2Fcategories&post=2155"},{"taxonomy":"post_tag","embeddable":true,"href":"http:\/\/schicht16.de\/index.php?rest_route=%2Fwp%2Fv2%2Ftags&post=2155"}],"curies":[{"name":"wp","href":"https:\/\/api.w.org\/{rel}","templated":true}]}}