{"id":2164,"date":"2017-04-10T23:14:54","date_gmt":"2017-04-10T21:14:54","guid":{"rendered":"http:\/\/schicht16.de\/?p=2164"},"modified":"2017-04-10T23:15:33","modified_gmt":"2017-04-10T21:15:33","slug":"schichtfahrt-nach-koeln-am-22-07-2017","status":"publish","type":"post","link":"http:\/\/schicht16.de\/?p=2164","title":{"rendered":"Schichtfahrt nach K\u00f6ln am 22.07.2017"},"content":{"rendered":"<p>Liebe Nachbarinnen, liebe Nachbarn,<\/p>\n<p>auch dieses Jahr veranstaltet Schicht 16 wieder eine Tagestour. In diesem Jahr f\u00fchrt sie uns in die sch\u00f6ne Rheinmetropole nach K\u00f6ln.<br \/>\nHierzu treffen wir uns am Samstag, den 22.07.2017 um 10:00 Uhr auf dem unteren Parkplatz am Sch\u00fctzenheim, Heidestr. 55. <\/p>\n<p>Der Programmablauf f\u00fcr diesen Tag sieht wie folgt aus:<\/p>\n<table>\n<tr>\n<td>10:00 <\/td>\n<td>Treffen und Begr\u00fc\u00dfungsgetr\u00e4nk<\/td>\n<\/tr>\n<tr>\n<td>10:30 <\/td>\n<td>Abfahrt nach K\u00f6ln<\/td>\n<\/tr>\n<tr>\n<td>11:30 <\/td>\n<td>Ankunft Schokoladenmuseum<\/td>\n<\/tr>\n<tr>\n<td>12:00  &#8211; 13:30 <\/td>\n<td>90 Min. F\u00fchrung durch die Produktion mit Verkostung<\/td>\n<\/tr>\n<tr>\n<td>12:15  &#8211; 13:45 <\/td>\n<td>2. Gruppe, dto.<\/td>\n<\/tr>\n<tr>\n<td>14:00 <\/td>\n<td>Fahrt mit dem Bus zum K\u00f6lner Dom<\/td>\n<\/tr>\n<tr>\n<td>14:15 \u2013 17:00 <\/td>\n<td>Dieser Zeitraum steht zur freien Verf\u00fcgung. Die Besichtigung des K\u00f6lner Doms ist auf eigene Faust. Interessenten k\u00f6nnen sich aber um 14:30                   Uhr und 15:30 Uhr an \u00f6ffentlichen F\u00fchrungen teilnehmen. <\/td>\n<\/tr>\n<tr>\n<td>17:00 &#8211; 20:30 <\/td>\n<td>Gem\u00fctliches Beisammensein im Fr\u00fch Brauhaus direkt am Dom. Speisen und Getr\u00e4nke muss jeder Teilnehmer selbst und in  <strong>Bar<\/strong> bezahlen.<\/td>\n<\/tr>\n<tr>\n<td>Ab 20:30 <\/td>\n<td>R\u00fcckfahrt nach Schwerte<\/td>\n<\/table>\n<p>Die Kosten f\u00fcr diese Fahrt betragen <strong>30 \u20ac<\/strong> pro Person. <\/p>\n<p>Anmeldung nimmt Herr J\u00fcrgen Heinrichs entgegen, seine Kontaktdaten hierf\u00fcr sind. Telefon: 0176 \/ 53 57 1707 auch per WhatsApp oder E-Mail: jheinrichs76@gmail.com<\/p>\n","protected":false},"excerpt":{"rendered":"<p>Liebe Nachbarinnen, liebe Nachbarn, auch dieses Jahr veranstaltet Schicht 16 wieder eine Tagestour. In diesem Jahr f\u00fchrt sie uns in die sch\u00f6ne Rheinmetropole nach K\u00f6ln. Hierzu treffen wir uns am Samstag, den 22.07.2017 um 10:00 Uhr auf dem unteren Parkplatz am Sch\u00fctzenheim, Heidestr. 55. Der Programmablauf f\u00fcr diesen Tag sieht \u2026 <a class=\"continue-reading-link\" href=\"http:\/\/schicht16.de\/?p=2164\">weiterlesen<\/a><\/p>\n","protected":false},"author":1,"featured_media":0,"comment_status":"closed","ping_status":"open","sticky":false,"template":"","format":"standard","meta":{"ngg_post_thumbnail":0},"categories":[1],"tags":[],"_links":{"self":[{"href":"http:\/\/schicht16.de\/index.php?rest_route=\/wp\/v2\/posts\/2164"}],"collection":[{"href":"http:\/\/schicht16.de\/index.php?rest_route=\/wp\/v2\/posts"}],"about":[{"href":"http:\/\/schicht16.de\/index.php?rest_route=\/wp\/v2\/types\/post"}],"author":[{"embeddable":true,"href":"http:\/\/schicht16.de\/index.php?rest_route=\/wp\/v2\/users\/1"}],"replies":[{"embeddable":true,"href":"http:\/\/schicht16.de\/index.php?rest_route=%2Fwp%2Fv2%2Fcomments&post=2164"}],"version-history":[{"count":6,"href":"http:\/\/schicht16.de\/index.php?rest_route=\/wp\/v2\/posts\/2164\/revisions"}],"predecessor-version":[{"id":2170,"href":"http:\/\/schicht16.de\/index.php?rest_route=\/wp\/v2\/posts\/2164\/revisions\/2170"}],"wp:attachment":[{"href":"http:\/\/schicht16.de\/index.php?rest_route=%2Fwp%2Fv2%2Fmedia&parent=2164"}],"wp:term":[{"taxonomy":"category","embeddable":true,"href":"http:\/\/schicht16.de\/index.php?rest_route=%2Fwp%2Fv2%2Fcategories&post=2164"},{"taxonomy":"post_tag","embeddable":true,"href":"http:\/\/schicht16.de\/index.php?rest_route=%2Fwp%2Fv2%2Ftags&post=2164"}],"curies":[{"name":"wp","href":"https:\/\/api.w.org\/{rel}","templated":true}]}}