{"id":2627,"date":"2017-10-19T22:02:14","date_gmt":"2017-10-19T20:02:14","guid":{"rendered":"http:\/\/schicht16.de\/?p=2627"},"modified":"2017-10-19T22:10:17","modified_gmt":"2017-10-19T20:10:17","slug":"33-hubertusmesse-am-29-10-2017","status":"publish","type":"post","link":"http:\/\/schicht16.de\/?p=2627","title":{"rendered":"33. Hubertusmesse am 29.10.2017"},"content":{"rendered":"<p>Am Sonntag den 29. Oktober findet im Schwerter Wald am Holzkreuz hinter dem Freisch\u00fctz ab 15.30 Uhr wieder einmal die Hubertusmesse statt. Dieses Ereignis wird nun zum 33.Mal zelebriert.  Es ist ein ganz besonderes Ereignis nicht nur f\u00fcr die Nachbarschaft der Schwerterheide. Im Beisein der Vertreter von Vereinen des Schichtwesens und des Sch\u00fctzenwesens, aus Kirche und Politik nehmen erfahrungsgem\u00e4\u00df viele Nachbarinnen und Nachbarn sowie G\u00e4ste aus Nah und Fern an dem Gottesdienst in der freien Natur teil. Wie die Jahre zuvor sind alle Herzliche dazu eingeladen. Das Paderborner Jagdhornbl\u00e4sercorps unter der Leitung von Thomas Meyer ist in diesem Jahr zum 30. Mal dabei und bietet wieder einen einmaligen musikalischen Rahmen zur Hubertusmesse, desweiteren wird der MGV Liedertafel Schwerterheide 1887, mit dem Chorleiter Uwe Finger, zur musikalischen Gestaltung beitragen.<\/p>\n<p><a href=\"http:\/\/schicht16.de\/wp-content\/uploads\/2017\/02\/Plakat-Hubertusmesse-2017-1.jpg\"><img decoding=\"async\" loading=\"lazy\" src=\"http:\/\/schicht16.de\/wp-content\/uploads\/2017\/02\/Plakat-Hubertusmesse-2017-1.jpg\" alt=\"\" width=\"2339\" height=\"3309\" class=\"alignleft size-full wp-image-2633\" srcset=\"http:\/\/schicht16.de\/wp-content\/uploads\/2017\/02\/Plakat-Hubertusmesse-2017-1.jpg 2339w, http:\/\/schicht16.de\/wp-content\/uploads\/2017\/02\/Plakat-Hubertusmesse-2017-1-212x300.jpg 212w, http:\/\/schicht16.de\/wp-content\/uploads\/2017\/02\/Plakat-Hubertusmesse-2017-1-768x1086.jpg 768w, http:\/\/schicht16.de\/wp-content\/uploads\/2017\/02\/Plakat-Hubertusmesse-2017-1-724x1024.jpg 724w, http:\/\/schicht16.de\/wp-content\/uploads\/2017\/02\/Plakat-Hubertusmesse-2017-1-106x150.jpg 106w\" sizes=\"(max-width: 2339px) 100vw, 2339px\" \/><\/a><\/p>\n","protected":false},"excerpt":{"rendered":"<p>Am Sonntag den 29. Oktober findet im Schwerter Wald am Holzkreuz hinter dem Freisch\u00fctz ab 15.30 Uhr wieder einmal die Hubertusmesse statt. Dieses Ereignis wird nun zum 33.Mal zelebriert. Es ist ein ganz besonderes Ereignis nicht nur f\u00fcr die Nachbarschaft der Schwerterheide. Im Beisein der Vertreter von Vereinen des Schichtwesens \u2026 <a class=\"continue-reading-link\" href=\"http:\/\/schicht16.de\/?p=2627\">weiterlesen<\/a><\/p>\n","protected":false},"author":1,"featured_media":0,"comment_status":"closed","ping_status":"open","sticky":false,"template":"","format":"standard","meta":{"ngg_post_thumbnail":0},"categories":[1],"tags":[],"_links":{"self":[{"href":"http:\/\/schicht16.de\/index.php?rest_route=\/wp\/v2\/posts\/2627"}],"collection":[{"href":"http:\/\/schicht16.de\/index.php?rest_route=\/wp\/v2\/posts"}],"about":[{"href":"http:\/\/schicht16.de\/index.php?rest_route=\/wp\/v2\/types\/post"}],"author":[{"embeddable":true,"href":"http:\/\/schicht16.de\/index.php?rest_route=\/wp\/v2\/users\/1"}],"replies":[{"embeddable":true,"href":"http:\/\/schicht16.de\/index.php?rest_route=%2Fwp%2Fv2%2Fcomments&post=2627"}],"version-history":[{"count":5,"href":"http:\/\/schicht16.de\/index.php?rest_route=\/wp\/v2\/posts\/2627\/revisions"}],"predecessor-version":[{"id":2636,"href":"http:\/\/schicht16.de\/index.php?rest_route=\/wp\/v2\/posts\/2627\/revisions\/2636"}],"wp:attachment":[{"href":"http:\/\/schicht16.de\/index.php?rest_route=%2Fwp%2Fv2%2Fmedia&parent=2627"}],"wp:term":[{"taxonomy":"category","embeddable":true,"href":"http:\/\/schicht16.de\/index.php?rest_route=%2Fwp%2Fv2%2Fcategories&post=2627"},{"taxonomy":"post_tag","embeddable":true,"href":"http:\/\/schicht16.de\/index.php?rest_route=%2Fwp%2Fv2%2Ftags&post=2627"}],"curies":[{"name":"wp","href":"https:\/\/api.w.org\/{rel}","templated":true}]}}