{"id":2729,"date":"2018-02-24T11:05:45","date_gmt":"2018-02-24T09:05:45","guid":{"rendered":"http:\/\/schicht16.de\/?p=2729"},"modified":"2018-02-24T11:05:45","modified_gmt":"2018-02-24T09:05:45","slug":"schichtfest-am-17-03-2018","status":"publish","type":"post","link":"http:\/\/schicht16.de\/?p=2729","title":{"rendered":"Schichtfest am 17.03.2018"},"content":{"rendered":"<p>Dieses Jahr gibt es wieder ein Schichtfest von Schicht 16. Dies wird am 17.03.2018 gro\u00df gefeiert im Sch\u00fctzenheim, in der Kneipe &#8222;Auf der Heide&#8220;. Um besser planen zu k\u00f6nnen, wird um eine Anmeldung gebeten. Weitere Informationen entnehmen sie den beigef\u00fcgten Plakaten.<\/p>\n<p><a href=\"http:\/\/schicht16.de\/wp-content\/uploads\/2018\/02\/0001.jpg\"><img decoding=\"async\" loading=\"lazy\" src=\"http:\/\/schicht16.de\/wp-content\/uploads\/2018\/02\/0001.jpg\" alt=\"\" width=\"3508\" height=\"4961\" class=\"alignleft size-full wp-image-2730\" srcset=\"http:\/\/schicht16.de\/wp-content\/uploads\/2018\/02\/0001.jpg 3508w, http:\/\/schicht16.de\/wp-content\/uploads\/2018\/02\/0001-212x300.jpg 212w, http:\/\/schicht16.de\/wp-content\/uploads\/2018\/02\/0001-768x1086.jpg 768w, http:\/\/schicht16.de\/wp-content\/uploads\/2018\/02\/0001-724x1024.jpg 724w, http:\/\/schicht16.de\/wp-content\/uploads\/2018\/02\/0001-106x150.jpg 106w\" sizes=\"(max-width: 3508px) 100vw, 3508px\" \/><\/a><\/p>\n<p><a href=\"http:\/\/schicht16.de\/wp-content\/uploads\/2018\/02\/0002.jpg\"><img decoding=\"async\" loading=\"lazy\" src=\"http:\/\/schicht16.de\/wp-content\/uploads\/2018\/02\/0002.jpg\" alt=\"\" width=\"2480\" height=\"3509\" class=\"alignleft size-full wp-image-2731\" srcset=\"http:\/\/schicht16.de\/wp-content\/uploads\/2018\/02\/0002.jpg 2480w, http:\/\/schicht16.de\/wp-content\/uploads\/2018\/02\/0002-212x300.jpg 212w, http:\/\/schicht16.de\/wp-content\/uploads\/2018\/02\/0002-768x1087.jpg 768w, http:\/\/schicht16.de\/wp-content\/uploads\/2018\/02\/0002-724x1024.jpg 724w, http:\/\/schicht16.de\/wp-content\/uploads\/2018\/02\/0002-106x150.jpg 106w\" sizes=\"(max-width: 2480px) 100vw, 2480px\" \/><\/a><\/p>\n","protected":false},"excerpt":{"rendered":"<p>Dieses Jahr gibt es wieder ein Schichtfest von Schicht 16. Dies wird am 17.03.2018 gro\u00df gefeiert im Sch\u00fctzenheim, in der Kneipe &#8222;Auf der Heide&#8220;. Um besser planen zu k\u00f6nnen, wird um eine Anmeldung gebeten. Weitere Informationen entnehmen sie den beigef\u00fcgten Plakaten.<\/p>\n","protected":false},"author":1,"featured_media":0,"comment_status":"closed","ping_status":"open","sticky":false,"template":"","format":"standard","meta":{"ngg_post_thumbnail":0},"categories":[1],"tags":[],"_links":{"self":[{"href":"http:\/\/schicht16.de\/index.php?rest_route=\/wp\/v2\/posts\/2729"}],"collection":[{"href":"http:\/\/schicht16.de\/index.php?rest_route=\/wp\/v2\/posts"}],"about":[{"href":"http:\/\/schicht16.de\/index.php?rest_route=\/wp\/v2\/types\/post"}],"author":[{"embeddable":true,"href":"http:\/\/schicht16.de\/index.php?rest_route=\/wp\/v2\/users\/1"}],"replies":[{"embeddable":true,"href":"http:\/\/schicht16.de\/index.php?rest_route=%2Fwp%2Fv2%2Fcomments&post=2729"}],"version-history":[{"count":1,"href":"http:\/\/schicht16.de\/index.php?rest_route=\/wp\/v2\/posts\/2729\/revisions"}],"predecessor-version":[{"id":2732,"href":"http:\/\/schicht16.de\/index.php?rest_route=\/wp\/v2\/posts\/2729\/revisions\/2732"}],"wp:attachment":[{"href":"http:\/\/schicht16.de\/index.php?rest_route=%2Fwp%2Fv2%2Fmedia&parent=2729"}],"wp:term":[{"taxonomy":"category","embeddable":true,"href":"http:\/\/schicht16.de\/index.php?rest_route=%2Fwp%2Fv2%2Fcategories&post=2729"},{"taxonomy":"post_tag","embeddable":true,"href":"http:\/\/schicht16.de\/index.php?rest_route=%2Fwp%2Fv2%2Ftags&post=2729"}],"curies":[{"name":"wp","href":"https:\/\/api.w.org\/{rel}","templated":true}]}}