{"id":2736,"date":"2018-03-03T09:45:03","date_gmt":"2018-03-03T07:45:03","guid":{"rendered":"http:\/\/schicht16.de\/?p=2736"},"modified":"2018-03-19T22:57:51","modified_gmt":"2018-03-19T20:57:51","slug":"schicht-16-feiert-erstes-heidemeeting","status":"publish","type":"post","link":"http:\/\/schicht16.de\/?p=2736","title":{"rendered":"Schicht 16 feiert erstes Heidemeeting"},"content":{"rendered":"<p><a href=\"http:\/\/schicht16.de\/wp-content\/uploads\/2018\/03\/180225-S406.jpg\"><img decoding=\"async\" loading=\"lazy\" class=\"wp-image-2789 alignnone\" src=\"http:\/\/schicht16.de\/wp-content\/uploads\/2018\/03\/180225-S406.jpg\" alt=\"\" width=\"666\" height=\"444\" srcset=\"http:\/\/schicht16.de\/wp-content\/uploads\/2018\/03\/180225-S406.jpg 1152w, http:\/\/schicht16.de\/wp-content\/uploads\/2018\/03\/180225-S406-300x200.jpg 300w, http:\/\/schicht16.de\/wp-content\/uploads\/2018\/03\/180225-S406-768x512.jpg 768w, http:\/\/schicht16.de\/wp-content\/uploads\/2018\/03\/180225-S406-1024x683.jpg 1024w, http:\/\/schicht16.de\/wp-content\/uploads\/2018\/03\/180225-S406-225x150.jpg 225w, http:\/\/schicht16.de\/wp-content\/uploads\/2018\/03\/180225-S406-150x100.jpg 150w\" sizes=\"(max-width: 666px) 100vw, 666px\" \/><\/a><\/p>\n<p>Rund 50 G\u00e4ste begr\u00fc\u00dfte der Helferkreis des Schicht 16 bei seinem Heidemeeting am Sonntag im Sch\u00fctzenheim &#8222;Auf der Heide&#8220;. Das Heidemeeting ist eine neue Veranstaltung, die sich aus den tradionsreichen Neujahrsempf\u00e4ngen des Schichtes entwickelt hat. Doch irgendwann feierten soviele Vereine und Parteien Neujahrsempf\u00e4nge, dass die Nachbarn ihren auf Ende Februar verlegten und ihn Heidemeeting nannten.<br \/>\nF\u00fcr die G\u00e4ste gab es einen Sektempfang und einen Brunch mit Schnittchen und Kuchen. Kleine Darbietungen der Schicht-Mitglieder sorgten f\u00fcr Unterhaltung.<\/p>\n<a href=\"http:\/\/schicht16.de\/index.php\/nggallery\/fotos\/Heidemeeting-2018?page_id=45\" class=\"su-button su-button-style-default\" style=\"color:#FFFFFF;background-color:#ff7f00;border-color:#cc6600;border-radius:5px\" target=\"_self\"><span style=\"color:#FFFFFF;padding:6px 16px;font-size:13px;line-height:20px;border-color:#ffa64d;border-radius:5px;text-shadow:none\"><i class=\"sui sui-camera\" style=\"font-size:13px;color:#FFFFFF\"><\/i> zum Fotoalbum<\/span><\/a>\n","protected":false},"excerpt":{"rendered":"<p>Rund 50 G\u00e4ste begr\u00fc\u00dfte der Helferkreis des Schicht 16 bei seinem Heidemeeting am Sonntag im Sch\u00fctzenheim &#8222;Auf der Heide&#8220;. Das Heidemeeting ist eine neue Veranstaltung, die sich aus den tradionsreichen Neujahrsempf\u00e4ngen des Schichtes entwickelt hat. Doch irgendwann feierten soviele Vereine und Parteien Neujahrsempf\u00e4nge, dass die Nachbarn ihren auf Ende Februar \u2026 <a class=\"continue-reading-link\" href=\"http:\/\/schicht16.de\/?p=2736\">weiterlesen<\/a><\/p>\n","protected":false},"author":1,"featured_media":2787,"comment_status":"closed","ping_status":"open","sticky":false,"template":"","format":"standard","meta":{"ngg_post_thumbnail":0},"categories":[1],"tags":[],"_links":{"self":[{"href":"http:\/\/schicht16.de\/index.php?rest_route=\/wp\/v2\/posts\/2736"}],"collection":[{"href":"http:\/\/schicht16.de\/index.php?rest_route=\/wp\/v2\/posts"}],"about":[{"href":"http:\/\/schicht16.de\/index.php?rest_route=\/wp\/v2\/types\/post"}],"author":[{"embeddable":true,"href":"http:\/\/schicht16.de\/index.php?rest_route=\/wp\/v2\/users\/1"}],"replies":[{"embeddable":true,"href":"http:\/\/schicht16.de\/index.php?rest_route=%2Fwp%2Fv2%2Fcomments&post=2736"}],"version-history":[{"count":5,"href":"http:\/\/schicht16.de\/index.php?rest_route=\/wp\/v2\/posts\/2736\/revisions"}],"predecessor-version":[{"id":2848,"href":"http:\/\/schicht16.de\/index.php?rest_route=\/wp\/v2\/posts\/2736\/revisions\/2848"}],"wp:featuredmedia":[{"embeddable":true,"href":"http:\/\/schicht16.de\/index.php?rest_route=\/wp\/v2\/media\/2787"}],"wp:attachment":[{"href":"http:\/\/schicht16.de\/index.php?rest_route=%2Fwp%2Fv2%2Fmedia&parent=2736"}],"wp:term":[{"taxonomy":"category","embeddable":true,"href":"http:\/\/schicht16.de\/index.php?rest_route=%2Fwp%2Fv2%2Fcategories&post=2736"},{"taxonomy":"post_tag","embeddable":true,"href":"http:\/\/schicht16.de\/index.php?rest_route=%2Fwp%2Fv2%2Ftags&post=2736"}],"curies":[{"name":"wp","href":"https:\/\/api.w.org\/{rel}","templated":true}]}}