{"id":3033,"date":"2019-01-31T01:15:55","date_gmt":"2019-01-30T23:15:55","guid":{"rendered":"http:\/\/schicht16.de\/?p=3033"},"modified":"2019-02-05T01:23:15","modified_gmt":"2019-02-04T23:23:15","slug":"schicht-16-feiert-schichtfest-am-16-03-2019","status":"publish","type":"post","link":"http:\/\/schicht16.de\/?p=3033","title":{"rendered":"Schicht 16 feiert Schichtfest am 16.03.2019"},"content":{"rendered":"<p>Liebe Nachbarinnen und Nachbarn,<br \/>\nzu unserem traditionellen Jahresfest m\u00f6chten wir Euch, Eure Familien und Bekannte recht herzliche einladen. Der Kostenbeitrag ink. Sektempfang bel\u00e4uft sich auf <strong>19,00 \u20ac<\/strong> pro Person.<\/p>\n<p>Aus organisatorischen Gr\u00fcnden ist eine Anmeldung bis zum 10. M\u00e4rz w\u00fcnschenswert!<br \/>\n<strong>Hier k\u00f6nnen die Karten angefordert und bezahlt werden:<\/strong><br \/>\nHeike Weslowsky, Heidestra\u00dfe 88, Tel. 330594<br \/>\nAnna Koolmees, Heidestra\u00dfe 8, Tel. 9668277<\/p>\n<p>Mit freundlichen Gr\u00fc\u00dfen<\/p>\n<p>Der Helferkreis<\/p>\n<p><a href=\"http:\/\/schicht16.de\/wp-content\/uploads\/2019\/01\/0001.jpg\"><img decoding=\"async\" loading=\"lazy\" class=\"alignleft size-full wp-image-3034\" src=\"http:\/\/schicht16.de\/wp-content\/uploads\/2019\/01\/0001.jpg\" alt=\"\" width=\"3704\" height=\"5157\" srcset=\"http:\/\/schicht16.de\/wp-content\/uploads\/2019\/01\/0001.jpg 3704w, http:\/\/schicht16.de\/wp-content\/uploads\/2019\/01\/0001-215x300.jpg 215w, http:\/\/schicht16.de\/wp-content\/uploads\/2019\/01\/0001-768x1069.jpg 768w, http:\/\/schicht16.de\/wp-content\/uploads\/2019\/01\/0001-735x1024.jpg 735w, http:\/\/schicht16.de\/wp-content\/uploads\/2019\/01\/0001-108x150.jpg 108w\" sizes=\"(max-width: 3704px) 100vw, 3704px\" \/><\/a><\/p>\n<p>&nbsp;<\/p>\n","protected":false},"excerpt":{"rendered":"<p>Liebe Nachbarinnen und Nachbarn, zu unserem traditionellen Jahresfest m\u00f6chten wir Euch, Eure Familien und Bekannte recht herzliche einladen. Der Kostenbeitrag ink. Sektempfang bel\u00e4uft sich auf 19,00 \u20ac pro Person. Aus organisatorischen Gr\u00fcnden ist eine Anmeldung bis zum 10. M\u00e4rz w\u00fcnschenswert! Hier k\u00f6nnen die Karten angefordert und bezahlt werden: Heike Weslowsky, \u2026 <a class=\"continue-reading-link\" href=\"http:\/\/schicht16.de\/?p=3033\">weiterlesen<\/a><\/p>\n","protected":false},"author":1,"featured_media":0,"comment_status":"closed","ping_status":"open","sticky":false,"template":"","format":"standard","meta":{"ngg_post_thumbnail":0},"categories":[1],"tags":[],"_links":{"self":[{"href":"http:\/\/schicht16.de\/index.php?rest_route=\/wp\/v2\/posts\/3033"}],"collection":[{"href":"http:\/\/schicht16.de\/index.php?rest_route=\/wp\/v2\/posts"}],"about":[{"href":"http:\/\/schicht16.de\/index.php?rest_route=\/wp\/v2\/types\/post"}],"author":[{"embeddable":true,"href":"http:\/\/schicht16.de\/index.php?rest_route=\/wp\/v2\/users\/1"}],"replies":[{"embeddable":true,"href":"http:\/\/schicht16.de\/index.php?rest_route=%2Fwp%2Fv2%2Fcomments&post=3033"}],"version-history":[{"count":3,"href":"http:\/\/schicht16.de\/index.php?rest_route=\/wp\/v2\/posts\/3033\/revisions"}],"predecessor-version":[{"id":3039,"href":"http:\/\/schicht16.de\/index.php?rest_route=\/wp\/v2\/posts\/3033\/revisions\/3039"}],"wp:attachment":[{"href":"http:\/\/schicht16.de\/index.php?rest_route=%2Fwp%2Fv2%2Fmedia&parent=3033"}],"wp:term":[{"taxonomy":"category","embeddable":true,"href":"http:\/\/schicht16.de\/index.php?rest_route=%2Fwp%2Fv2%2Fcategories&post=3033"},{"taxonomy":"post_tag","embeddable":true,"href":"http:\/\/schicht16.de\/index.php?rest_route=%2Fwp%2Fv2%2Ftags&post=3033"}],"curies":[{"name":"wp","href":"https:\/\/api.w.org\/{rel}","templated":true}]}}