{"id":3148,"date":"2020-03-04T13:35:45","date_gmt":"2020-03-04T11:35:45","guid":{"rendered":"http:\/\/schicht16.de\/?p=3148"},"modified":"2020-03-04T13:35:45","modified_gmt":"2020-03-04T11:35:45","slug":"das-jubilaeumsschichtfest-steht-an","status":"publish","type":"post","link":"http:\/\/schicht16.de\/?p=3148","title":{"rendered":"Das Jubil\u00e4umsschichtfest steht an"},"content":{"rendered":"\n<p>Wenn Schichtsprecherin Angelika Schr\u00f6der am 14. M\u00e4rz in der Sch\u00fctzengastst\u00e4tte \u201eAuf der Heide\u201c Nachbarn und Freunde zum gro\u00dfen Jahresfest des Schichtes 16 begr\u00fc\u00dft, rundet sie eine 70-j\u00e4hrige Tradition der Schwerterheide ab. Angefangen hat alles im Jahre 1950. Der Zweite Weltkrieg war kaum vorbei, da gr\u00fcndeten mutige Heideb\u00fcrger um Otto Henning das Schicht 16. Henning, der als Forsthilfsaufsicht stetig auf der Heide und im Schwerter Wald mit einer Flinte unterwegs war und als Stukenf\u00f6rster ein Original darstellte, war\u00a0 bis 1952 gleich zweimal Schichtmeister von Schicht 16. Insgesamt wurde das Heide-Schicht in den 70 langen Jahren jeweils in einem Jahresrhythmus von insgesamt 61 Schichtmeistern und 2 Schichtmeisterinnen gef\u00fchrt. <br>War bis zur Jahrtausendwende das Amt eine reine M\u00e4nnerdom\u00e4ne, so waren Regina Th\u00f6ne im Jahre 2000 und Karin Engelhardt 2001 die ersten Frauen an der Schicht-Spitze. \u00dcberhaupt liest sich die Liste der Schichtmeister von Schicht 16 wie das \u201eWho `s Who\u201c der Nachkriegs-Schwerterheide. <br>Nach Otto Henning sind da neben vielen anderen zu nennen: Heinrich Jungholt (1955) \u2013 dessen Sohn Wolfgang wurde \u00fcbrigens 1998 Schichtmeister, Dr. Werner Voll (1960), Alfred Breuker (1962), Ernst zur Nieden (1966), Peter Ort (1968) \u2013 hat die Schicht-16-Kette eingef\u00fchrt -, Meinolf Th\u00f6ne (1969) \u2013 haben die Hacketauer mitgegr\u00fcndet -, Dr. Karl Heinz Schmidt (1975), Conrad Hinrichs (1973), Dr. Horst Kn\u00f6pke (1976) und Walter Schuhmacher (1981) \u2013 beide haben auch als Ehrenschichtmeister dem Schicht einen bedeutsamen politisch-gesellschaftlichen Rahmen vermittelt -, Thomas Keuthen (1986), Ernst Herdickerhoff (1991), G\u00fcnter und Inge Weyland (1992) Karl-Ludwig Eichmann (1993), Kiki Kneuper (2006), Peter und Angelika Schr\u00f6der (2007). Personen, die die Heide mitgepr\u00e4gt haben. Doppelte Schichtmeister-Funktion bekleideten neben Otto Henning auch Bernd Engelhardt (1997 und 2012), Helmut und Regina Eckhardt (1995 und 2014) sowie Reinhard und Ulrike Roes (2009 und 2013). Seit 2017 wird das Schicht 16 von einem Helferteam getragen, das die zahlreichen Schicht-Aktivit\u00e4ten zum Wohle der Heideb\u00fcrger und -b\u00fcrgerinnen organisiert. Und Schriftf\u00fchrerin Anna Koolmees verweist auf die fast 200 Mitglieder von Schicht 16, die sie zum gro\u00dfen Teil kennt und die bei pers\u00f6nlicher Kassierung einen geringen Obulus entrichten.<\/p>\n\n\n\n<p>Es gab im Laufe der Jahre viele rauschende Schichtfeste,\nhochattraktive Fahrten, Sommer- sowie Weihnachtsfeste und nachbarschaftliche\nGemeinsamkeiten. Immer ging es und geht es um das Gemeinschaftswohl.<\/p>\n\n\n\n<p>Schicht 16 hat eine Freud- und Leidkasse. Gratulationen bei\nrunden Geburtstagen und Jubil\u00e4en, Krankenbesuche und pers\u00f6nliche Einladungen zu\nden Schicht-Aktivit\u00e4ten haben eine lange Tradition. Und der Kontakt zu den\nVereinen auf der Schwerterheide ist musterg\u00fcltig. Gemeinsamkeit ist oberstes\nGebot. Ob es der B\u00fcrgersch\u00fctzenverein Schwerterheide, der M\u00e4nnergesangverein\nLiedertafel oder der Obst- und Gartenbauverein ist: Zu allen gibt es einen\nguten Draht, man hilft sich, tauscht sich aus und f\u00fchlt sich als Ganzes auf der\nSchwerterheide.<\/p>\n\n\n\n<p>Ein gro\u00dfer Ankerpunkt, eine zentrale Veranstaltung mit\ngro\u00dfer Au\u00dfenwirkung von Schicht 16 ist die allj\u00e4hrlich am letzten Oktober-Sonntag\nstattfindende Hubertusmesse, ein \u00f6kumenischer Gottesdienst mitten im\nSchwerterwald am Holzkreuz hinter dem Freisch\u00fctz. Bereits 35 Mal hat dieser\n\u00f6kumenische Gottesdienst im herbstlichen Schwerterwald stattgefunden. Im\nBeisein der Vertreter von Vereinen des Schichtwesens und des Sch\u00fctzenwesens,\naus Kirche und Politik nehmen erfahrungsgem\u00e4\u00df viele Nachbarinnen und Nachbarn\nsowie G\u00e4ste aus Nah und Fern an dem&nbsp;&nbsp;\nGottesdienst in der freien Natur teil.&nbsp;\n<\/p>\n\n\n\n<p>Und nun soll die gro\u00dfe Jubil\u00e4umsparty 2020 kr\u00f6nendes Zeichen\ndes Schichtwesens auf der Schwerterheide sein.<\/p>\n","protected":false},"excerpt":{"rendered":"<p>Wenn Schichtsprecherin Angelika Schr\u00f6der am 14. M\u00e4rz in der Sch\u00fctzengastst\u00e4tte \u201eAuf der Heide\u201c Nachbarn und Freunde zum gro\u00dfen Jahresfest des Schichtes 16 begr\u00fc\u00dft, rundet sie eine 70-j\u00e4hrige Tradition der Schwerterheide ab. Angefangen hat alles im Jahre 1950. Der Zweite Weltkrieg war kaum vorbei, da gr\u00fcndeten mutige Heideb\u00fcrger um Otto Henning \u2026 <a class=\"continue-reading-link\" href=\"http:\/\/schicht16.de\/?p=3148\">weiterlesen<\/a><\/p>\n","protected":false},"author":1,"featured_media":0,"comment_status":"closed","ping_status":"open","sticky":false,"template":"","format":"standard","meta":{"ngg_post_thumbnail":0},"categories":[1],"tags":[],"_links":{"self":[{"href":"http:\/\/schicht16.de\/index.php?rest_route=\/wp\/v2\/posts\/3148"}],"collection":[{"href":"http:\/\/schicht16.de\/index.php?rest_route=\/wp\/v2\/posts"}],"about":[{"href":"http:\/\/schicht16.de\/index.php?rest_route=\/wp\/v2\/types\/post"}],"author":[{"embeddable":true,"href":"http:\/\/schicht16.de\/index.php?rest_route=\/wp\/v2\/users\/1"}],"replies":[{"embeddable":true,"href":"http:\/\/schicht16.de\/index.php?rest_route=%2Fwp%2Fv2%2Fcomments&post=3148"}],"version-history":[{"count":1,"href":"http:\/\/schicht16.de\/index.php?rest_route=\/wp\/v2\/posts\/3148\/revisions"}],"predecessor-version":[{"id":3149,"href":"http:\/\/schicht16.de\/index.php?rest_route=\/wp\/v2\/posts\/3148\/revisions\/3149"}],"wp:attachment":[{"href":"http:\/\/schicht16.de\/index.php?rest_route=%2Fwp%2Fv2%2Fmedia&parent=3148"}],"wp:term":[{"taxonomy":"category","embeddable":true,"href":"http:\/\/schicht16.de\/index.php?rest_route=%2Fwp%2Fv2%2Fcategories&post=3148"},{"taxonomy":"post_tag","embeddable":true,"href":"http:\/\/schicht16.de\/index.php?rest_route=%2Fwp%2Fv2%2Ftags&post=3148"}],"curies":[{"name":"wp","href":"https:\/\/api.w.org\/{rel}","templated":true}]}}