{"id":3164,"date":"2020-05-22T18:19:05","date_gmt":"2020-05-22T16:19:05","guid":{"rendered":"http:\/\/schicht16.de\/?p=3164"},"modified":"2020-05-23T10:34:55","modified_gmt":"2020-05-23T08:34:55","slug":"neuerrichtung-des-holzkreuzes","status":"publish","type":"post","link":"http:\/\/schicht16.de\/?p=3164","title":{"rendered":"Neuerrichtung des Holzkreuzes"},"content":{"rendered":"\n<figure class=\"wp-block-image size-large\"><img decoding=\"async\" loading=\"lazy\" width=\"1024\" height=\"682\" src=\"http:\/\/schicht16.de\/wp-content\/uploads\/2020\/05\/kreuz3-1-1024x682.jpg\" alt=\"\" class=\"wp-image-3170\" srcset=\"http:\/\/schicht16.de\/wp-content\/uploads\/2020\/05\/kreuz3-1-1024x682.jpg 1024w, http:\/\/schicht16.de\/wp-content\/uploads\/2020\/05\/kreuz3-1-300x200.jpg 300w, http:\/\/schicht16.de\/wp-content\/uploads\/2020\/05\/kreuz3-1-768x511.jpg 768w, http:\/\/schicht16.de\/wp-content\/uploads\/2020\/05\/kreuz3-1-1536x1023.jpg 1536w, http:\/\/schicht16.de\/wp-content\/uploads\/2020\/05\/kreuz3-1-225x150.jpg 225w, http:\/\/schicht16.de\/wp-content\/uploads\/2020\/05\/kreuz3-1-150x100.jpg 150w, http:\/\/schicht16.de\/wp-content\/uploads\/2020\/05\/kreuz3-1.jpg 2000w\" sizes=\"(max-width: 1024px) 100vw, 1024px\" \/><figcaption><code>v.l.: Bernd Engelhardt, Angelika Schr\u00f6der, J\u00fcrgen Heinrichs, G\u00fcnter Weslowsky<\/code><\/figcaption><\/figure>\n\n\n\n<p>Am 9. Februar 2020 fegte Orkan \u201eSabine\u201c auch \u00fcber Schwerte hinweg und zerst\u00f6rte das Holzkreuz im Schwerterwald. Eine gro\u00dfe Fichte war umgest\u00fcrzt und hatte einen Schenkel des Kreuzes abgeschlagen.<\/p>\n\n\n\n<p>Mitglieder von Schicht 16 beraten mit Schwertes B\u00fcrgermeister Dimitrios&nbsp; Axourgos M\u00f6glichkeiten der Wiederherstellung des Holzkreuzes.Dabei soll der st\u00e4dtische Bauhof qualifizierte Hilfestellung geben. Das NRW-Heimatministerium hat Schicht 16 f\u00fcr die Neuaufrichtung des zerst\u00f6rten Holzkreuzes als \u201eHEIMAT-SCHECK\u201c 2000 \u20ac gespendet.<\/p>\n\n\n\n<figure class=\"wp-block-gallery columns-2 is-cropped wp-block-gallery-1 is-layout-flex\"><ul class=\"blocks-gallery-grid\"><li class=\"blocks-gallery-item\"><figure><img decoding=\"async\" loading=\"lazy\" width=\"1024\" height=\"556\" src=\"http:\/\/schicht16.de\/wp-content\/uploads\/2020\/05\/kreuz-freisch\u00fctz-1024x556.jpg\" alt=\"\" data-id=\"3165\" data-full-url=\"http:\/\/schicht16.de\/wp-content\/uploads\/2020\/05\/kreuz-freisch\u00fctz.jpg\" data-link=\"http:\/\/schicht16.de\/?attachment_id=3165\" class=\"wp-image-3165\" srcset=\"http:\/\/schicht16.de\/wp-content\/uploads\/2020\/05\/kreuz-freisch\u00fctz-1024x556.jpg 1024w, http:\/\/schicht16.de\/wp-content\/uploads\/2020\/05\/kreuz-freisch\u00fctz-300x163.jpg 300w, http:\/\/schicht16.de\/wp-content\/uploads\/2020\/05\/kreuz-freisch\u00fctz-768x417.jpg 768w, http:\/\/schicht16.de\/wp-content\/uploads\/2020\/05\/kreuz-freisch\u00fctz-1536x833.jpg 1536w, http:\/\/schicht16.de\/wp-content\/uploads\/2020\/05\/kreuz-freisch\u00fctz-250x136.jpg 250w, http:\/\/schicht16.de\/wp-content\/uploads\/2020\/05\/kreuz-freisch\u00fctz-150x81.jpg 150w, http:\/\/schicht16.de\/wp-content\/uploads\/2020\/05\/kreuz-freisch\u00fctz.jpg 2000w\" sizes=\"(max-width: 1024px) 100vw, 1024px\" \/><\/figure><\/li><li class=\"blocks-gallery-item\"><figure><img decoding=\"async\" loading=\"lazy\" width=\"1024\" height=\"682\" src=\"http:\/\/schicht16.de\/wp-content\/uploads\/2020\/05\/kreuz2-1024x682.jpg\" alt=\"\" data-id=\"3166\" data-full-url=\"http:\/\/schicht16.de\/wp-content\/uploads\/2020\/05\/kreuz2.jpg\" data-link=\"http:\/\/schicht16.de\/?attachment_id=3166\" class=\"wp-image-3166\" srcset=\"http:\/\/schicht16.de\/wp-content\/uploads\/2020\/05\/kreuz2-1024x682.jpg 1024w, http:\/\/schicht16.de\/wp-content\/uploads\/2020\/05\/kreuz2-300x200.jpg 300w, http:\/\/schicht16.de\/wp-content\/uploads\/2020\/05\/kreuz2-768x511.jpg 768w, http:\/\/schicht16.de\/wp-content\/uploads\/2020\/05\/kreuz2-1536x1023.jpg 1536w, http:\/\/schicht16.de\/wp-content\/uploads\/2020\/05\/kreuz2-225x150.jpg 225w, http:\/\/schicht16.de\/wp-content\/uploads\/2020\/05\/kreuz2-150x100.jpg 150w, http:\/\/schicht16.de\/wp-content\/uploads\/2020\/05\/kreuz2.jpg 2000w\" sizes=\"(max-width: 1024px) 100vw, 1024px\" \/><\/figure><\/li><\/ul><\/figure>\n","protected":false},"excerpt":{"rendered":"<p>Am 9. Februar 2020 fegte Orkan \u201eSabine\u201c auch \u00fcber Schwerte hinweg und zerst\u00f6rte das Holzkreuz im Schwerterwald. Eine gro\u00dfe Fichte war umgest\u00fcrzt und hatte einen Schenkel des Kreuzes abgeschlagen. Mitglieder von Schicht 16 beraten mit Schwertes B\u00fcrgermeister Dimitrios&nbsp; Axourgos M\u00f6glichkeiten der Wiederherstellung des Holzkreuzes.Dabei soll der st\u00e4dtische Bauhof qualifizierte Hilfestellung \u2026 <a class=\"continue-reading-link\" href=\"http:\/\/schicht16.de\/?p=3164\">weiterlesen<\/a><\/p>\n","protected":false},"author":1,"featured_media":0,"comment_status":"closed","ping_status":"open","sticky":false,"template":"","format":"standard","meta":{"ngg_post_thumbnail":0},"categories":[1],"tags":[],"_links":{"self":[{"href":"http:\/\/schicht16.de\/index.php?rest_route=\/wp\/v2\/posts\/3164"}],"collection":[{"href":"http:\/\/schicht16.de\/index.php?rest_route=\/wp\/v2\/posts"}],"about":[{"href":"http:\/\/schicht16.de\/index.php?rest_route=\/wp\/v2\/types\/post"}],"author":[{"embeddable":true,"href":"http:\/\/schicht16.de\/index.php?rest_route=\/wp\/v2\/users\/1"}],"replies":[{"embeddable":true,"href":"http:\/\/schicht16.de\/index.php?rest_route=%2Fwp%2Fv2%2Fcomments&post=3164"}],"version-history":[{"count":4,"href":"http:\/\/schicht16.de\/index.php?rest_route=\/wp\/v2\/posts\/3164\/revisions"}],"predecessor-version":[{"id":3173,"href":"http:\/\/schicht16.de\/index.php?rest_route=\/wp\/v2\/posts\/3164\/revisions\/3173"}],"wp:attachment":[{"href":"http:\/\/schicht16.de\/index.php?rest_route=%2Fwp%2Fv2%2Fmedia&parent=3164"}],"wp:term":[{"taxonomy":"category","embeddable":true,"href":"http:\/\/schicht16.de\/index.php?rest_route=%2Fwp%2Fv2%2Fcategories&post=3164"},{"taxonomy":"post_tag","embeddable":true,"href":"http:\/\/schicht16.de\/index.php?rest_route=%2Fwp%2Fv2%2Ftags&post=3164"}],"curies":[{"name":"wp","href":"https:\/\/api.w.org\/{rel}","templated":true}]}}