{"id":3218,"date":"2021-10-26T22:43:59","date_gmt":"2021-10-26T20:43:59","guid":{"rendered":"http:\/\/schicht16.de\/?p=3218"},"modified":"2021-10-31T12:17:24","modified_gmt":"2021-10-31T10:17:24","slug":"schicht-16-laedt-zur-hubertusmesse","status":"publish","type":"post","link":"http:\/\/schicht16.de\/?p=3218","title":{"rendered":"Schicht 16 l\u00e4dt zur Hubertusmesse"},"content":{"rendered":"<div class=\"wp-block-post-date\"><time datetime=\"2021-10-26T22:43:59+02:00\">26. Oktober 2021<\/time><\/div>\n\n\n<p>Eine zentrale Veranstaltung mit gro\u00dfer Au\u00dfenwirkung ist f\u00fcr die Schwerterheide die Hubertusmesse. Nachdem diese im vergangenen Jahr Corona-bedingt ausfallen musste, findet dieser \u00f6kumenische Gottesdienst&nbsp; in 2021 nunmehr zum 36. Mal im herbstlichen Schwerterwald am Kreuz hinter dem Freisch\u00fctz statt. &nbsp;Beginn ist am Sonntag, 31.10., um 15.30 Uhr. Im Beisein der Vertreter von Vereinen, des Schichtwesens und des Sch\u00fctzenwesens, aus Kirche und Politik&nbsp; nehmen erfahrungsgem\u00e4\u00df viele Nachbarinnen und Nachbarn sowie G\u00e4sten aus Nah und Fern an dem Gottesdienst in der freien Natur teil. Und auch in diesem Jahr l\u00e4dt der Veranstalter, das Schicht 16, alle B\u00fcrgerinnen und B\u00fcrger, alle Nachbarinnen und Nachbarn ein.<\/p>\n\n\n\n<p>Der gesamte Helferkreis von Schicht 16 ist&nbsp; dar\u00fcber sehr erfreut, dass das Paderborner Jagdhornbl\u00e4sercorps unter der Leitung von Thomas Meier in Schwerte wieder dabei sein wird, denn die hoch anerkannten Bl\u00e4ser liefern bereits zum 34 Mal den einmaligen&nbsp; musikalischen Rahmen zur Hubertusmesse. Eine weitere wertvolle Bereicherung der Messe ist der musikalische Beitrag des MGV Liedertafel Schwerterheide unter Leitung von Uwe Finger. Dieser \u00f6kumenische Gottesdienst wird in diesem Jahr von Pastorin Anthea Haake von der evangelischen Kirchengemeinde Schwerte und Pastor Peter Iwan von der katholischen Kirchengemeinde St. Marien Schwerte gemeinsam gestaltet. Schicht 16 erkl\u00e4rt, dass ein neues Holzkreuz und ein neuer Altar aus Natursandstein auch symbolisch den Rahmen dieser Waldmesse tragen wird. <br><\/p>\n\n\n\n<p class=\"has-text-align-center\"><strong>Update: H\u00f6rder Str. wieder ganz normal befahrbar, Sperrung aufgehoben<\/strong><\/p>\n\n\n\n<p>Schicht 16 weist darauf hin, dass am Sonntag, 31.10. die H\u00f6rder Stra\u00dfe in H\u00f6he des Freisch\u00fctzes wegen des Abrisses der Fu\u00dfg\u00e4ngerbr\u00fccke voll gesperrt sein wird. Ein \u00dcbergang \u00fcber die B 236 befindet sich ca. 80 m n\u00f6rdlich der Br\u00fccke in H\u00f6he des Eingangs Freisch\u00fctz. Die Freisch\u00fctz-Parkpl\u00e4tze sind an diesem Tag ausschlie\u00dflich von der Wittbr\u00e4ucker Stra\u00dfe in Berghofen aus anzufahren.\u00a0<\/p>\n\n\n\n<p><\/p>\n","protected":false},"excerpt":{"rendered":"<p>Eine zentrale Veranstaltung mit gro\u00dfer Au\u00dfenwirkung ist f\u00fcr die Schwerterheide die Hubertusmesse. Nachdem diese im vergangenen Jahr Corona-bedingt ausfallen musste, findet dieser \u00f6kumenische Gottesdienst&nbsp; in 2021 nunmehr zum 36. Mal im herbstlichen Schwerterwald am Kreuz hinter dem Freisch\u00fctz statt. &nbsp;Beginn ist am Sonntag, 31.10., um 15.30 Uhr. Im Beisein der \u2026 <a class=\"continue-reading-link\" href=\"http:\/\/schicht16.de\/?p=3218\">weiterlesen<\/a><\/p>\n","protected":false},"author":1,"featured_media":0,"comment_status":"closed","ping_status":"open","sticky":false,"template":"","format":"standard","meta":{"ngg_post_thumbnail":0},"categories":[1],"tags":[],"_links":{"self":[{"href":"http:\/\/schicht16.de\/index.php?rest_route=\/wp\/v2\/posts\/3218"}],"collection":[{"href":"http:\/\/schicht16.de\/index.php?rest_route=\/wp\/v2\/posts"}],"about":[{"href":"http:\/\/schicht16.de\/index.php?rest_route=\/wp\/v2\/types\/post"}],"author":[{"embeddable":true,"href":"http:\/\/schicht16.de\/index.php?rest_route=\/wp\/v2\/users\/1"}],"replies":[{"embeddable":true,"href":"http:\/\/schicht16.de\/index.php?rest_route=%2Fwp%2Fv2%2Fcomments&post=3218"}],"version-history":[{"count":3,"href":"http:\/\/schicht16.de\/index.php?rest_route=\/wp\/v2\/posts\/3218\/revisions"}],"predecessor-version":[{"id":3221,"href":"http:\/\/schicht16.de\/index.php?rest_route=\/wp\/v2\/posts\/3218\/revisions\/3221"}],"wp:attachment":[{"href":"http:\/\/schicht16.de\/index.php?rest_route=%2Fwp%2Fv2%2Fmedia&parent=3218"}],"wp:term":[{"taxonomy":"category","embeddable":true,"href":"http:\/\/schicht16.de\/index.php?rest_route=%2Fwp%2Fv2%2Fcategories&post=3218"},{"taxonomy":"post_tag","embeddable":true,"href":"http:\/\/schicht16.de\/index.php?rest_route=%2Fwp%2Fv2%2Ftags&post=3218"}],"curies":[{"name":"wp","href":"https:\/\/api.w.org\/{rel}","templated":true}]}}