{"id":3279,"date":"2022-10-23T14:06:41","date_gmt":"2022-10-23T12:06:41","guid":{"rendered":"http:\/\/schicht16.de\/?p=3279"},"modified":"2022-10-23T14:09:30","modified_gmt":"2022-10-23T12:09:30","slug":"schicht-16-laedt-zur-hubertusmesse-ein","status":"publish","type":"post","link":"http:\/\/schicht16.de\/?p=3279","title":{"rendered":"Schicht 16 l\u00e4dt zur Hubertusmesse ein"},"content":{"rendered":"<div class=\"wp-block-image\">\n<figure class=\"aligncenter size-large\"><a href=\"http:\/\/schicht16.de\/wp-content\/uploads\/2022\/10\/210801-S490-scaled.jpg\"><img decoding=\"async\" loading=\"lazy\" width=\"1024\" height=\"683\" src=\"http:\/\/schicht16.de\/wp-content\/uploads\/2022\/10\/210801-S490-1024x683.jpg\" alt=\"\" class=\"wp-image-3280\" srcset=\"http:\/\/schicht16.de\/wp-content\/uploads\/2022\/10\/210801-S490-1024x683.jpg 1024w, http:\/\/schicht16.de\/wp-content\/uploads\/2022\/10\/210801-S490-300x200.jpg 300w, http:\/\/schicht16.de\/wp-content\/uploads\/2022\/10\/210801-S490-768x512.jpg 768w, http:\/\/schicht16.de\/wp-content\/uploads\/2022\/10\/210801-S490-1536x1024.jpg 1536w, http:\/\/schicht16.de\/wp-content\/uploads\/2022\/10\/210801-S490-2048x1365.jpg 2048w, http:\/\/schicht16.de\/wp-content\/uploads\/2022\/10\/210801-S490-225x150.jpg 225w, http:\/\/schicht16.de\/wp-content\/uploads\/2022\/10\/210801-S490-150x100.jpg 150w\" sizes=\"(max-width: 1024px) 100vw, 1024px\" \/><\/a><\/figure><\/div>\n\n\n<p>Holzkreuz und Steinaltar auf der Lichtung hinter dem Freisch\u00fctz mitten im Schwerterwald sind auch in diesem Jahr Ankerpunkte der \u00f6kumenischen Hubertusmesse von Schicht 16.<\/p>\n\n\n\n<p>Am letzten Sonntag im Oktober \u2013 in diesem Jahr am 30.10. \u2013 startet die vielbeachtete Waldmesse um 15:30 Uhr. Sie wird gemeinsam gestaltet von Pastor Hartmut G\u00f6rler von der evangelischen Kirche Schwerte und Pastor Guido Bartels vom katholischen Pfarrverbund Schwerte St. Marien.<\/p>\n\n\n\n<p>Diese zentrale Veranstaltung mit gro\u00dfer Au\u00dfenwirkung ist f\u00fcr die Schwerterheide ein bedeutsames Event. Denn bereits zum 37. Mal findet dieser \u00f6kumenische statt. Im Beisein der Vertreter von Vereinen, des Schichtwesens und des Sch\u00fctzenwesens, aus Kirche und Politik&nbsp; nehmen erfahrungsgem\u00e4\u00df viele Nachbarinnen und Nachbarn sowie G\u00e4ste aus Nah und Fern an dem&nbsp;&nbsp; Gottesdienst in der freien Natur teil. Und auch in diesem Jahr l\u00e4dt der Veranstalter, das Schicht 16, alle B\u00fcrgerinnen und B\u00fcrger, alle Nachbarinnen und Nachbarn ein.<\/p>\n\n\n\n<p>Schichtmitglied Angelika Schr\u00f6der und der gesamte Helferkreis von Schicht 16 sind&nbsp; dar\u00fcber sehr erfreut, dass das Paderborner Jagdhornbl\u00e4sercorps unter der Leitung von Thomas Meier in Schwerte wieder dabei ist, denn die hoch anerkannten Bl\u00e4ser liefern bereits zum 34 Mal den einmaligen&nbsp; musikalischen Rahmen zur Hubertusmesse. Eine weitere wertvolle Bereicherung der Messe ist der musikalische Beitrag des MGV Liedertafel Schwerterheide unter Leitung von Uwe Finger. &nbsp;&nbsp;Schichtmitglied Bernd Engelhardt erkl\u00e4rt nicht ohne Stolz, dass das Holzkreuz in einer vorbildlichen nachbarschaftlichen Gemeinschaftsaktion vor 40 Jahren geplant, gebaut und finanziert worden ist. Und G\u00fcnter Weslowsky erg\u00e4nzt: \u201cDie Legende des heiligen Hubertus ist f\u00fcr uns ein Hinweis f\u00fcr die Einvernehmlichkeit von Natur und Mensch und des Respekts vor der g\u00f6ttlichen Sch\u00f6pfung.\u201c&nbsp;<\/p>\n\n\n\n<p>Auch erinnere das Kreuz als Mahnmal&nbsp; die Lebenden, den Frieden und&nbsp; die Freundschaft aller Menschen und aller V\u00f6lker dieser Welt in gegenseitiger Achtung und gegenseitigem Vertrauen,&nbsp;zu erhalten.<\/p>\n\n\n\n<p>Das Kreuz im Schwerterwald ist im Laufe der Jahre ein Ankerpunkt &nbsp;des Schichtes 16 geworden. Es soll gleichsam an die gemeinschaftliche Aufgabe guter nachbarschaftlicher Beziehungen erinnern.&nbsp;<\/p>\n","protected":false},"excerpt":{"rendered":"<p>Holzkreuz und Steinaltar auf der Lichtung hinter dem Freisch\u00fctz mitten im Schwerterwald sind auch in diesem Jahr Ankerpunkte der \u00f6kumenischen Hubertusmesse von Schicht 16. Am letzten Sonntag im Oktober \u2013 in diesem Jahr am 30.10. \u2013 startet die vielbeachtete Waldmesse um 15:30 Uhr. Sie wird gemeinsam gestaltet von Pastor Hartmut \u2026 <a class=\"continue-reading-link\" href=\"http:\/\/schicht16.de\/?p=3279\">weiterlesen<\/a><\/p>\n","protected":false},"author":1,"featured_media":0,"comment_status":"closed","ping_status":"open","sticky":false,"template":"","format":"standard","meta":{"ngg_post_thumbnail":0},"categories":[1],"tags":[],"_links":{"self":[{"href":"http:\/\/schicht16.de\/index.php?rest_route=\/wp\/v2\/posts\/3279"}],"collection":[{"href":"http:\/\/schicht16.de\/index.php?rest_route=\/wp\/v2\/posts"}],"about":[{"href":"http:\/\/schicht16.de\/index.php?rest_route=\/wp\/v2\/types\/post"}],"author":[{"embeddable":true,"href":"http:\/\/schicht16.de\/index.php?rest_route=\/wp\/v2\/users\/1"}],"replies":[{"embeddable":true,"href":"http:\/\/schicht16.de\/index.php?rest_route=%2Fwp%2Fv2%2Fcomments&post=3279"}],"version-history":[{"count":2,"href":"http:\/\/schicht16.de\/index.php?rest_route=\/wp\/v2\/posts\/3279\/revisions"}],"predecessor-version":[{"id":3282,"href":"http:\/\/schicht16.de\/index.php?rest_route=\/wp\/v2\/posts\/3279\/revisions\/3282"}],"wp:attachment":[{"href":"http:\/\/schicht16.de\/index.php?rest_route=%2Fwp%2Fv2%2Fmedia&parent=3279"}],"wp:term":[{"taxonomy":"category","embeddable":true,"href":"http:\/\/schicht16.de\/index.php?rest_route=%2Fwp%2Fv2%2Fcategories&post=3279"},{"taxonomy":"post_tag","embeddable":true,"href":"http:\/\/schicht16.de\/index.php?rest_route=%2Fwp%2Fv2%2Ftags&post=3279"}],"curies":[{"name":"wp","href":"https:\/\/api.w.org\/{rel}","templated":true}]}}