{"id":3324,"date":"2023-07-24T00:08:25","date_gmt":"2023-07-23T22:08:25","guid":{"rendered":"http:\/\/schicht16.de\/?p=3324"},"modified":"2023-08-09T22:48:41","modified_gmt":"2023-08-09T20:48:41","slug":"sommerfest-von-schicht-16","status":"publish","type":"post","link":"http:\/\/schicht16.de\/?p=3324","title":{"rendered":"Sommerfest von Schicht 16"},"content":{"rendered":"\n<p>Schicht 16 Schwerterheide l\u00e4dt\u00a0 alle Nachbarinnen und Nachbarn sowie alle Interessierten und Jung und Alt zum gro\u00dfen Sommerfest. Das Fest findet statt am Samstag, dem 19.August. Beginn ist um 17.00 Uhr auf dem Gel\u00e4nde der Kulturkneipe \u201eAuf der Heide\u201c bzw. des BSV Schwerterheide, Heidestra\u00dfe 55. Tolle Livemusik soll dabei f\u00fcr die richtige Stimmung sorgen. Bei netten Gespr\u00e4chen und flotten Kl\u00e4ngen sollen sich die Nachbarn wohlf\u00fchlen, plaudern und lustig sein. Gegrilltes sowie s\u00fcndhafte und coole Getr\u00e4nke werden vom Helferkreis angeboten. Unterst\u00fctzt wird Schicht 16 von der Heide-Kneipe und Kultur.<\/p>\n\n\n<div class=\"wp-block-image\">\n<figure class=\"aligncenter size-large\"><a href=\"http:\/\/schicht16.de\/wp-content\/uploads\/2023\/07\/Plakat-Sommfest-scaled.jpg\"><img decoding=\"async\" loading=\"lazy\" width=\"724\" height=\"1024\" src=\"http:\/\/schicht16.de\/wp-content\/uploads\/2023\/07\/Plakat-Sommfest-724x1024.jpg\" alt=\"\" class=\"wp-image-3325\" srcset=\"http:\/\/schicht16.de\/wp-content\/uploads\/2023\/07\/Plakat-Sommfest-724x1024.jpg 724w, http:\/\/schicht16.de\/wp-content\/uploads\/2023\/07\/Plakat-Sommfest-212x300.jpg 212w, http:\/\/schicht16.de\/wp-content\/uploads\/2023\/07\/Plakat-Sommfest-768x1086.jpg 768w, http:\/\/schicht16.de\/wp-content\/uploads\/2023\/07\/Plakat-Sommfest-1086x1536.jpg 1086w, http:\/\/schicht16.de\/wp-content\/uploads\/2023\/07\/Plakat-Sommfest-1448x2048.jpg 1448w, http:\/\/schicht16.de\/wp-content\/uploads\/2023\/07\/Plakat-Sommfest-106x150.jpg 106w, http:\/\/schicht16.de\/wp-content\/uploads\/2023\/07\/Plakat-Sommfest-scaled.jpg 1810w\" sizes=\"(max-width: 724px) 100vw, 724px\" \/><\/a><\/figure><\/div>","protected":false},"excerpt":{"rendered":"<p>Schicht 16 Schwerterheide l\u00e4dt\u00a0 alle Nachbarinnen und Nachbarn sowie alle Interessierten und Jung und Alt zum gro\u00dfen Sommerfest. Das Fest findet statt am Samstag, dem 19.August. Beginn ist um 17.00 Uhr auf dem Gel\u00e4nde der Kulturkneipe \u201eAuf der Heide\u201c bzw. des BSV Schwerterheide, Heidestra\u00dfe 55. Tolle Livemusik soll dabei f\u00fcr \u2026 <a class=\"continue-reading-link\" href=\"http:\/\/schicht16.de\/?p=3324\">weiterlesen<\/a><\/p>\n","protected":false},"author":1,"featured_media":0,"comment_status":"closed","ping_status":"open","sticky":false,"template":"","format":"standard","meta":{"ngg_post_thumbnail":0},"categories":[1],"tags":[],"_links":{"self":[{"href":"http:\/\/schicht16.de\/index.php?rest_route=\/wp\/v2\/posts\/3324"}],"collection":[{"href":"http:\/\/schicht16.de\/index.php?rest_route=\/wp\/v2\/posts"}],"about":[{"href":"http:\/\/schicht16.de\/index.php?rest_route=\/wp\/v2\/types\/post"}],"author":[{"embeddable":true,"href":"http:\/\/schicht16.de\/index.php?rest_route=\/wp\/v2\/users\/1"}],"replies":[{"embeddable":true,"href":"http:\/\/schicht16.de\/index.php?rest_route=%2Fwp%2Fv2%2Fcomments&post=3324"}],"version-history":[{"count":2,"href":"http:\/\/schicht16.de\/index.php?rest_route=\/wp\/v2\/posts\/3324\/revisions"}],"predecessor-version":[{"id":3328,"href":"http:\/\/schicht16.de\/index.php?rest_route=\/wp\/v2\/posts\/3324\/revisions\/3328"}],"wp:attachment":[{"href":"http:\/\/schicht16.de\/index.php?rest_route=%2Fwp%2Fv2%2Fmedia&parent=3324"}],"wp:term":[{"taxonomy":"category","embeddable":true,"href":"http:\/\/schicht16.de\/index.php?rest_route=%2Fwp%2Fv2%2Fcategories&post=3324"},{"taxonomy":"post_tag","embeddable":true,"href":"http:\/\/schicht16.de\/index.php?rest_route=%2Fwp%2Fv2%2Ftags&post=3324"}],"curies":[{"name":"wp","href":"https:\/\/api.w.org\/{rel}","templated":true}]}}