{"id":3338,"date":"2023-11-02T23:52:45","date_gmt":"2023-11-02T21:52:45","guid":{"rendered":"http:\/\/schicht16.de\/?p=3338"},"modified":"2023-11-02T23:52:45","modified_gmt":"2023-11-02T21:52:45","slug":"kranzniederlegung-im-schwerter-wald","status":"publish","type":"post","link":"http:\/\/schicht16.de\/?p=3338","title":{"rendered":"Kranzniederlegung im Schwerter Wald"},"content":{"rendered":"\n<p>Der Helferkreis von Schicht 16 Schwerterheide l\u00e4dt alle Interessierten zu einer offenen Kranzniederlegung an das gro\u00dfe Holzkreuz, das auf der Waldlichtung hinter dem Freisch\u00fctz im Schwerterwald steht. \u00a0Dieser traditionelle Akt findet am Samstag, dem 4.November, um 14:00 Uhr statt und wird normalerweise im Rahmen der \u00f6kumenischen Hubertusmesse durchgef\u00fchrt. Da dieser Waldgottesdienst am vergangenen Sonntag wegen der sehr widrigen Platz-und Wegeverh\u00e4ltnisse abgesagt werden musste (die RN berichteten), wird die Kranzniederlegung nachgeholt. Dieser feierliche Vorgang am Mahnmal soll an die f\u00fcrchterlichen Zerst\u00f6rungen, die vielen Toten, an m\u00f6rderisches Kriegstreiben und unendliches Leid der zwei Weltkriege von 1914 bis 1918 und von 1939 bis 1945 erinnern und mahnen.<\/p>\n","protected":false},"excerpt":{"rendered":"<p>Der Helferkreis von Schicht 16 Schwerterheide l\u00e4dt alle Interessierten zu einer offenen Kranzniederlegung an das gro\u00dfe Holzkreuz, das auf der Waldlichtung hinter dem Freisch\u00fctz im Schwerterwald steht. \u00a0Dieser traditionelle Akt findet am Samstag, dem 4.November, um 14:00 Uhr statt und wird normalerweise im Rahmen der \u00f6kumenischen Hubertusmesse durchgef\u00fchrt. Da dieser \u2026 <a class=\"continue-reading-link\" href=\"http:\/\/schicht16.de\/?p=3338\">weiterlesen<\/a><\/p>\n","protected":false},"author":1,"featured_media":0,"comment_status":"closed","ping_status":"open","sticky":false,"template":"","format":"standard","meta":{"ngg_post_thumbnail":0},"categories":[1],"tags":[],"_links":{"self":[{"href":"http:\/\/schicht16.de\/index.php?rest_route=\/wp\/v2\/posts\/3338"}],"collection":[{"href":"http:\/\/schicht16.de\/index.php?rest_route=\/wp\/v2\/posts"}],"about":[{"href":"http:\/\/schicht16.de\/index.php?rest_route=\/wp\/v2\/types\/post"}],"author":[{"embeddable":true,"href":"http:\/\/schicht16.de\/index.php?rest_route=\/wp\/v2\/users\/1"}],"replies":[{"embeddable":true,"href":"http:\/\/schicht16.de\/index.php?rest_route=%2Fwp%2Fv2%2Fcomments&post=3338"}],"version-history":[{"count":1,"href":"http:\/\/schicht16.de\/index.php?rest_route=\/wp\/v2\/posts\/3338\/revisions"}],"predecessor-version":[{"id":3339,"href":"http:\/\/schicht16.de\/index.php?rest_route=\/wp\/v2\/posts\/3338\/revisions\/3339"}],"wp:attachment":[{"href":"http:\/\/schicht16.de\/index.php?rest_route=%2Fwp%2Fv2%2Fmedia&parent=3338"}],"wp:term":[{"taxonomy":"category","embeddable":true,"href":"http:\/\/schicht16.de\/index.php?rest_route=%2Fwp%2Fv2%2Fcategories&post=3338"},{"taxonomy":"post_tag","embeddable":true,"href":"http:\/\/schicht16.de\/index.php?rest_route=%2Fwp%2Fv2%2Ftags&post=3338"}],"curies":[{"name":"wp","href":"https:\/\/api.w.org\/{rel}","templated":true}]}}