{"id":3423,"date":"2025-09-28T13:56:49","date_gmt":"2025-09-28T11:56:49","guid":{"rendered":"http:\/\/schicht16.de\/?p=3423"},"modified":"2025-09-28T13:56:49","modified_gmt":"2025-09-28T11:56:49","slug":"bankpflege-erfolgreich-durchgefuehrt","status":"publish","type":"post","link":"http:\/\/schicht16.de\/?p=3423","title":{"rendered":"Bankpflege erfolgreich durchgef\u00fchrt"},"content":{"rendered":"\n<p>Am Samstag trafen sich Mitglieder von Schicht 16, dem SPD-Ortsverein Schwerte-Nord, dem B\u00fcrgersch\u00fctzenverein (BSV) Schwerterheide sowie von den Naturfreunden, um die vor 14 Jahren gestifteten B\u00e4nke f\u00fcr den Schweter Wald auf Ihren Zustand zu \u00fcberpr\u00fcfen. Diese \u00dcberpr\u00fcfung erfolgt<br>j\u00e4hrlich und mit Hilfe der Stadt bzw. dem Baubetriebshof werden notwendige Reparaturma\u00dfnahmen durchgef\u00fchrt.<br>Es ist sch\u00f6n, dass die auf der Schwerterheide benannten Vereine so zusammenhalten und diese Aktion gemeinsam mit Spa\u00df und Freude, nat\u00fcrlich auch mit Verpflegung und Kaltgetr\u00e4nken, j\u00e4hrlich durchf\u00fchren. Na dann, bis zum n\u00e4chsten Jahr. G\u00e4ste sind willkommen. Der Termin wird rechtzeitig bekanntgegeben.<\/p>\n\n\n<div class=\"wp-block-image\">\n<figure class=\"aligncenter size-large\"><a href=\"http:\/\/schicht16.de\/wp-content\/uploads\/2025\/09\/20250920_112048-scaled.jpg\"><img decoding=\"async\" loading=\"lazy\" width=\"1024\" height=\"461\" src=\"http:\/\/schicht16.de\/wp-content\/uploads\/2025\/09\/20250920_112048-1024x461.jpg\" alt=\"\" class=\"wp-image-3424\" srcset=\"http:\/\/schicht16.de\/wp-content\/uploads\/2025\/09\/20250920_112048-1024x461.jpg 1024w, http:\/\/schicht16.de\/wp-content\/uploads\/2025\/09\/20250920_112048-300x135.jpg 300w, http:\/\/schicht16.de\/wp-content\/uploads\/2025\/09\/20250920_112048-768x346.jpg 768w, http:\/\/schicht16.de\/wp-content\/uploads\/2025\/09\/20250920_112048-1536x691.jpg 1536w, http:\/\/schicht16.de\/wp-content\/uploads\/2025\/09\/20250920_112048-2048x922.jpg 2048w, http:\/\/schicht16.de\/wp-content\/uploads\/2025\/09\/20250920_112048-250x113.jpg 250w, http:\/\/schicht16.de\/wp-content\/uploads\/2025\/09\/20250920_112048-150x68.jpg 150w\" sizes=\"(max-width: 1024px) 100vw, 1024px\" \/><\/a><\/figure><\/div>","protected":false},"excerpt":{"rendered":"<p>Am Samstag trafen sich Mitglieder von Schicht 16, dem SPD-Ortsverein Schwerte-Nord, dem B\u00fcrgersch\u00fctzenverein (BSV) Schwerterheide sowie von den Naturfreunden, um die vor 14 Jahren gestifteten B\u00e4nke f\u00fcr den Schweter Wald auf Ihren Zustand zu \u00fcberpr\u00fcfen. Diese \u00dcberpr\u00fcfung erfolgtj\u00e4hrlich und mit Hilfe der Stadt bzw. dem Baubetriebshof werden notwendige Reparaturma\u00dfnahmen durchgef\u00fchrt.Es \u2026 <a class=\"continue-reading-link\" href=\"http:\/\/schicht16.de\/?p=3423\">weiterlesen<\/a><\/p>\n","protected":false},"author":1,"featured_media":0,"comment_status":"closed","ping_status":"open","sticky":false,"template":"","format":"standard","meta":{"ngg_post_thumbnail":0},"categories":[1],"tags":[],"_links":{"self":[{"href":"http:\/\/schicht16.de\/index.php?rest_route=\/wp\/v2\/posts\/3423"}],"collection":[{"href":"http:\/\/schicht16.de\/index.php?rest_route=\/wp\/v2\/posts"}],"about":[{"href":"http:\/\/schicht16.de\/index.php?rest_route=\/wp\/v2\/types\/post"}],"author":[{"embeddable":true,"href":"http:\/\/schicht16.de\/index.php?rest_route=\/wp\/v2\/users\/1"}],"replies":[{"embeddable":true,"href":"http:\/\/schicht16.de\/index.php?rest_route=%2Fwp%2Fv2%2Fcomments&post=3423"}],"version-history":[{"count":1,"href":"http:\/\/schicht16.de\/index.php?rest_route=\/wp\/v2\/posts\/3423\/revisions"}],"predecessor-version":[{"id":3425,"href":"http:\/\/schicht16.de\/index.php?rest_route=\/wp\/v2\/posts\/3423\/revisions\/3425"}],"wp:attachment":[{"href":"http:\/\/schicht16.de\/index.php?rest_route=%2Fwp%2Fv2%2Fmedia&parent=3423"}],"wp:term":[{"taxonomy":"category","embeddable":true,"href":"http:\/\/schicht16.de\/index.php?rest_route=%2Fwp%2Fv2%2Fcategories&post=3423"},{"taxonomy":"post_tag","embeddable":true,"href":"http:\/\/schicht16.de\/index.php?rest_route=%2Fwp%2Fv2%2Ftags&post=3423"}],"curies":[{"name":"wp","href":"https:\/\/api.w.org\/{rel}","templated":true}]}}